{"id":3540,"date":"2025-03-03T11:39:06","date_gmt":"2025-03-03T11:39:06","guid":{"rendered":"https:\/\/fiberwood.com\/?p=3540"},"modified":"2025-04-25T12:03:03","modified_gmt":"2025-04-25T12:03:03","slug":"habitare-materials-objects-exhibition-takes-fiberwood-to-milan","status":"publish","type":"post","link":"https:\/\/fiberwood.com\/en\/habitare-materials-objects-exhibition-takes-fiberwood-to-milan\/","title":{"rendered":"Habitare Materials &amp; Objects Exhibition Takes Fiberwood to Milan"},"content":{"rendered":"<div id=\"Section\" class=\"Block Section overflow-hidden wrap my-8\">\n\t<div class=\"Section-content relative max-w-[1088px] mx-auto w-full\">\n\t\t\n\n<p>The leading Nordic furniture, design, and interior event, Habitare, is bringing a group of Finnish design and material companies to Milan Design Week from April 7\u201313, 2025. The <em>Habitare Materials &amp; Objects<\/em> exhibition will be featured as part of <em>Alcova<\/em>, a showcase that has become a significant hit at Milan Design Week in recent years. Milan Design Week is the world\u2019s premier annual gathering for the design industry.<\/p>\n\n\n\n<p>The <em>Habitare Materials &amp; Objects<\/em> exhibition will take place at <em>Alcova<\/em> from April 7\u201313, 2025. This export project unites Habitare, a selection of companies and emerging designers, to present Finnish expertise on the global stage.<\/p>\n\n\n\n<p><em>Habitare Materials<\/em> was first featured at Milan Design Week in <em>Alcova<\/em> in April 2023, with 14 partner companies participating. The installation-like material exhibition, designed to engage visitors, was a success\u2014its hands-on concept stood out and left a lasting impression on the international design audience.<\/p>\n\n\n\n<p>This year\u2019s exhibition will include <em>Arktis, Fiberwood, Durat, Hiil, KOIVUI\u00ae, KOTA Company, Mets\u00e4 Fibre, M\u00f6lin\u00e4, Pihlgren ja Ritola, Suomen K\u00e4sity\u00f6n Yst\u00e4v\u00e4t,<\/em> and <em>VM Carpet<\/em>, along with designers <em>Fanni Laukkanen<\/em> and <em>Roosa Ryh\u00e4nen<\/em>.<\/p>\n\n\n\n<p><em>&#8220;Habitare Materials &amp; Objects showcases domestic, ethically and ecologically sustainable design and material solutions. It is significant, especially in times of economic uncertainty, that Habitare provides companies with an opportunity to participate in a high-level international exhibition,&#8221;<\/em> said <em>Maria Klemetti Laine<\/em> and <em>Jussi Laine<\/em> of <em>NEMO Architects<\/em>, who curate <em>Habitare Materials<\/em> and design the exhibition architecture.<\/p>\n\n\n\n<p>Now in its fifth edition in Milan, <em>Alcova<\/em> has become one of the world\u2019s most visited design events, attracting 90,000 visitors in 2024. It is a platform for experimental and innovative design, combining design companies, creators, and industry professionals worldwide. <em>Alcova<\/em> is known for its unique locations, often in abandoned or repurposed historical buildings and sites such as former factories, villas, or greenhouses.<\/p>\n\n\n\n<p><em>Content: Messukeskus<\/em><br><em>Image: Paavo Lehtonen<\/em><\/p>\n\n\n\n<div style=\"height:50px\" aria-hidden=\"true\" class=\"wp-block-spacer\"><\/div>\n\n\n\t<\/div>\n<\/div>\n\n\n\n\n\n<div  class=\" bg-lightgray\">\n\t<div class=\"flex flex-col md:flex-row\">\n\t\t\t\t\t\t\t<div class=\"hidden md:block w-full md:w-5\/12 lg:w-6\/12\">\n\t\t\t\t<img decoding=\"async\" class=\"w-full h-full object-cover\" src=\"https:\/\/fiberwood.com\/app\/uploads\/2025\/02\/FW_640x640px-04.png\" alt=\"\"\/>\n\t\t\t<\/div>\n\t\t\t\t<div class=\"flex flex-col place-content-center w-full py-14 md:py-20 lg:py-32 md:w-7\/12 lg:w-6\/12 wrap-padding-right md:pl-12\">\n\t\t\t\t\t\t\t<h2 class=\"mb-8 leading-tight\">Welcome to a New Era of Natural Soundscaping<\/h2>\n\t\t\t\t\t\t\t\t\t\t<div class=\"text-text-light\">\n\t\t\t\t\t<p>Explore Fiberwood\u2019s wood-based acoustic materials \u2013 sustainable, plastic-free, and ready to transform spaces.<\/p>\n\n\t\t\t\t<\/div>\n\t\t\t\t\t\t\t\t\t\t<div class=\"flex flex-wrap gap-x-6 gap-y-2 mt-8\">\n\t\t\t\t\t\t\t\t\t\t\t\t\n\t\n<a href=\"https:\/\/fiberwood.com\/en\/habitare-acoustic-materials\/\" alt=\"\" target=\"\" class=\"button flex border justify-center items-center h-fit self-center hover:border-black hover:text-black border-primary text-primary text-base py-4 uppercase px-6 \">\n\tWood-Based Acoustic Materials\n\t\t\t<svg xmlns=\"http:\/\/www.w3.org\/2000\/svg\" fill=\"none\" viewbox=\"0 0 24 24\" stroke-width=\"1.5\" stroke=\"currentColor\" class=\"ml-2 w-5 h-5\">\n\t\t\t<path stroke-linecap=\"round\" stroke-linejoin=\"round\" d=\"M17.25 8.25L21 12m0 0l-3.75 3.75M21 12H3\"\/>\n\t\t<\/svg>\n\t<\/a>\n\t\t\t\t\t\t\t\t\t<\/div>\n\t\t\t\t\t<\/div>\n\t\t\t\t\t\t\t\t<div class=\"block md:hidden w-full md:w-5\/12 lg:w-6\/12\">\n\t\t\t<img decoding=\"async\" class=\"w-full h-full object-cover\" src=\"https:\/\/fiberwood.com\/app\/uploads\/2025\/02\/FW_640x640px-04.png\" alt=\"\"\/>\n\t\t<\/div>\n\t<\/div>\n<\/div>\n\n\n\n<div style=\"height:100px\" aria-hidden=\"true\" class=\"wp-block-spacer\"><\/div>\n\n\n\n\n<div  class=\"wrap py-14 md:py-20 lg:py-32 \">\n\t<div class=\"flex flex-col sm:flex-row mb-8 sm:items-center\">\n\t\t<h2 class=\"sm:mr-8 mb-0\">Latest news<\/h2>\n\t\t\t\n\t\n<a href=\"https:\/\/fiberwood.com\/en\/news\/\" alt=\"\" target=\"\" class=\"button flex border justify-center items-center h-fit self-center hover:border-black hover:text-black border-primary text-primary text-base py-4 uppercase px-6 mr-auto mt-4 sm:mt-0\">\n\tRead all\n\t\t\t<svg xmlns=\"http:\/\/www.w3.org\/2000\/svg\" fill=\"none\" viewbox=\"0 0 24 24\" stroke-width=\"1.5\" stroke=\"currentColor\" class=\"ml-2 w-5 h-5\">\n\t\t\t<path stroke-linecap=\"round\" stroke-linejoin=\"round\" d=\"M17.25 8.25L21 12m0 0l-3.75 3.75M21 12H3\"\/>\n\t\t<\/svg>\n\t<\/a>\n\t<\/div>\n\t<div class=\"grid sm:grid-cols-2 md:grid-cols-3 gap-4\">\n\t\t\t\t\t\n<div class=\"bg-white\">\n\t<a href=\"https:\/\/fiberwood.com\/en\/siddharth-gandhi-builds-the-bridge-from-pilot-to-production\/\" class=\"hover:opacity-90\">\n\t\t<img decoding=\"async\" class=\"aspect-square flex justify-center items-center w-full object-cover\" src=\"https:\/\/fiberwood.com\/app\/uploads\/2026\/03\/Fiberwood-header-2-1920-x-1080-px-8.png\" srcset=\"https:\/\/fiberwood.com\/app\/uploads\/2026\/03\/Fiberwood-header-2-1920-x-1080-px-8-300x169.png 300w, https:\/\/fiberwood.com\/app\/uploads\/2026\/03\/Fiberwood-header-2-1920-x-1080-px-8-1024x576.png 1024w, https:\/\/fiberwood.com\/app\/uploads\/2026\/03\/Fiberwood-header-2-1920-x-1080-px-8-768x432.png 768w, https:\/\/fiberwood.com\/app\/uploads\/2026\/03\/Fiberwood-header-2-1920-x-1080-px-8-1536x864.png 1536w, https:\/\/fiberwood.com\/app\/uploads\/2026\/03\/Fiberwood-header-2-1920-x-1080-px-8.png 1920w\" alt=\"\">\n\t<\/a>\n\t<div class=\"flex text-gray-dark flex-wrap pt-4 pb-1 sm:pt-6 sm:pb-4 text-sm\">\n\t\t10.03.2026\n\t\t\t\t\t\/&nbsp;\n\t\t\t<a href=\"https:\/\/fiberwood.com\/en\/category\/fiberwood-experts\/\" class=\"text-primary hover:underline\">\n\t\t\t\tFiberwood experts\n\t\t\t<\/a>\n\t\t\t<\/div>\n\t<a class=\"text-gray-dark hover:underline\" href=\"https:\/\/fiberwood.com\/en\/siddharth-gandhi-builds-the-bridge-from-pilot-to-production\/\">\n\t\t<h4>Siddharth Gandhi Builds the Bridge from Pilot to Production\u00a0<\/h4>\n\t<\/a>\n<\/div>\n\t\t\t\t\t\n<div class=\"bg-white\">\n\t<a href=\"https:\/\/fiberwood.com\/en\/study-current-regulation-overlooks-the-real-performance-of-wood-fibre-insulation\/\" class=\"hover:opacity-90\">\n\t\t<img decoding=\"async\" class=\"aspect-square flex justify-center items-center w-full object-cover\" src=\"https:\/\/fiberwood.com\/app\/uploads\/2023\/09\/Fiberwood_ecological_insulation_material_2.jpg\" srcset=\"https:\/\/fiberwood.com\/app\/uploads\/2023\/09\/Fiberwood_ecological_insulation_material_2-300x200.jpg 300w, https:\/\/fiberwood.com\/app\/uploads\/2023\/09\/Fiberwood_ecological_insulation_material_2-1024x683.jpg 1024w, https:\/\/fiberwood.com\/app\/uploads\/2023\/09\/Fiberwood_ecological_insulation_material_2-768x512.jpg 768w, https:\/\/fiberwood.com\/app\/uploads\/2023\/09\/Fiberwood_ecological_insulation_material_2.jpg 1499w\" alt=\"\">\n\t<\/a>\n\t<div class=\"flex text-gray-dark flex-wrap pt-4 pb-1 sm:pt-6 sm:pb-4 text-sm\">\n\t\t09.02.2026\n\t\t\t\t\t\/&nbsp;\n\t\t\t<a href=\"https:\/\/fiberwood.com\/en\/category\/news\/\" class=\"text-primary hover:underline\">\n\t\t\t\tNews\n\t\t\t<\/a>\n\t\t\t<\/div>\n\t<a class=\"text-gray-dark hover:underline\" href=\"https:\/\/fiberwood.com\/en\/study-current-regulation-overlooks-the-real-performance-of-wood-fibre-insulation\/\">\n\t\t<h4>Study:\u00a0Current regulation overlooks the real performance of wood fibre insulation<\/h4>\n\t<\/a>\n<\/div>\n\t\t\t\t\t\n<div class=\"bg-white\">\n\t<a href=\"https:\/\/fiberwood.com\/en\/ainu-voipio-advances-fiberwoods-laboratory-and-testing-practices\/\" class=\"hover:opacity-90\">\n\t\t<img decoding=\"async\" class=\"aspect-square flex justify-center items-center w-full object-cover\" src=\"https:\/\/fiberwood.com\/app\/uploads\/2025\/12\/Fiberwood-header-1780x640-1.jpg\" srcset=\"https:\/\/fiberwood.com\/app\/uploads\/2025\/12\/Fiberwood-header-1780x640-1-300x108.jpg 300w, https:\/\/fiberwood.com\/app\/uploads\/2025\/12\/Fiberwood-header-1780x640-1-1024x368.jpg 1024w, https:\/\/fiberwood.com\/app\/uploads\/2025\/12\/Fiberwood-header-1780x640-1-768x276.jpg 768w, https:\/\/fiberwood.com\/app\/uploads\/2025\/12\/Fiberwood-header-1780x640-1-1536x552.jpg 1536w, https:\/\/fiberwood.com\/app\/uploads\/2025\/12\/Fiberwood-header-1780x640-1.jpg 1780w\" alt=\"Ainu Voipio esittelee Fiberwoodin laboratoriossa k\u00e4ytett\u00e4v\u00e4\u00e4 kemikaalia\">\n\t<\/a>\n\t<div class=\"flex text-gray-dark flex-wrap pt-4 pb-1 sm:pt-6 sm:pb-4 text-sm\">\n\t\t09.01.2026\n\t\t\t\t\t\/&nbsp;\n\t\t\t<a href=\"https:\/\/fiberwood.com\/en\/category\/fiberwood-experts\/\" class=\"text-primary hover:underline\">\n\t\t\t\tFiberwood experts\n\t\t\t<\/a>\n\t\t\t<\/div>\n\t<a class=\"text-gray-dark hover:underline\" href=\"https:\/\/fiberwood.com\/en\/ainu-voipio-advances-fiberwoods-laboratory-and-testing-practices\/\">\n\t\t<h4>Ainu Voipio Advances Fiberwood\u2019s Laboratory and Testing Practices\u00a0<\/h4>\n\t<\/a>\n<\/div>\n\t\t\t<\/div>\n<\/div>\n\n\n\n<p><\/p>\n","protected":false},"excerpt":{"rendered":"","protected":false},"author":4,"featured_media":3635,"comment_status":"closed","ping_status":"open","sticky":false,"template":"","format":"standard","meta":{"_acf_changed":false,"footnotes":""},"categories":[20,29],"tags":[61,62,60],"class_list":["post-3540","post","type-post","status-publish","format-standard","has-post-thumbnail","hentry","category-news","category-uutinen-en","tag-acoustics","tag-design","tag-habitare-2"],"acf":[],"yoast_head":"<!-- This site is optimized with the Yoast SEO plugin v27.3 - https:\/\/yoast.com\/product\/yoast-seo-wordpress\/ -->\n<title>Habitare Materials &amp; Objects Exhibition Takes Fiberwood to Milan - Fiberwood<\/title>\n<meta name=\"description\" content=\"The leading Nordic furniture, design, and interior event, Habitare, is bringing a group of Finnish design and material companies to Milan Design Week from April 7\u201313, 2025.\" \/>\n<meta name=\"robots\" content=\"index, follow, max-snippet:-1, max-image-preview:large, max-video-preview:-1\" \/>\n<link rel=\"canonical\" href=\"https:\/\/fiberwood.com\/en\/habitare-materials-objects-exhibition-takes-fiberwood-to-milan\/\" \/>\n<meta property=\"og:locale\" content=\"en_US\" \/>\n<meta property=\"og:type\" content=\"article\" \/>\n<meta property=\"og:title\" content=\"Habitare Materials &amp; Objects Exhibition Takes Fiberwood to Milan - Fiberwood\" \/>\n<meta property=\"og:description\" content=\"The leading Nordic furniture, design, and interior event, Habitare, is bringing a group of Finnish design and material companies to Milan Design Week from April 7\u201313, 2025.\" \/>\n<meta property=\"og:url\" content=\"https:\/\/fiberwood.com\/en\/habitare-materials-objects-exhibition-takes-fiberwood-to-milan\/\" \/>\n<meta property=\"og:site_name\" content=\"Fiberwood\" \/>\n<meta property=\"article:published_time\" content=\"2025-03-03T11:39:06+00:00\" \/>\n<meta property=\"article:modified_time\" content=\"2025-04-25T12:03:03+00:00\" \/>\n<meta property=\"og:image\" content=\"https:\/\/fiberwood.com\/app\/uploads\/2025\/03\/HabitareMaterialsAlcova2025_0328_photo__Paavo_Lehtonen.jpg\" \/>\n\t<meta property=\"og:image:width\" content=\"2048\" \/>\n\t<meta property=\"og:image:height\" content=\"1366\" \/>\n\t<meta property=\"og:image:type\" content=\"image\/jpeg\" \/>\n<meta name=\"author\" content=\"Maarit Saari\" \/>\n<meta name=\"twitter:card\" content=\"summary_large_image\" \/>\n<meta name=\"twitter:label1\" content=\"Written by\" \/>\n\t<meta name=\"twitter:data1\" content=\"Maarit Saari\" \/>\n\t<meta name=\"twitter:label2\" content=\"Est. reading time\" \/>\n\t<meta name=\"twitter:data2\" content=\"3 minutes\" \/>\n<script type=\"application\/ld+json\" class=\"yoast-schema-graph\">{\"@context\":\"https:\\\/\\\/schema.org\",\"@graph\":[{\"@type\":\"Article\",\"@id\":\"https:\\\/\\\/fiberwood.com\\\/en\\\/habitare-materials-objects-exhibition-takes-fiberwood-to-milan\\\/#article\",\"isPartOf\":{\"@id\":\"https:\\\/\\\/fiberwood.com\\\/en\\\/habitare-materials-objects-exhibition-takes-fiberwood-to-milan\\\/\"},\"author\":{\"name\":\"Maarit Saari\",\"@id\":\"https:\\\/\\\/fiberwood.com\\\/#\\\/schema\\\/person\\\/d3648c0d45bc92749c65087b203098a9\"},\"headline\":\"Habitare Materials &amp; Objects Exhibition Takes Fiberwood to Milan\",\"datePublished\":\"2025-03-03T11:39:06+00:00\",\"dateModified\":\"2025-04-25T12:03:03+00:00\",\"mainEntityOfPage\":{\"@id\":\"https:\\\/\\\/fiberwood.com\\\/en\\\/habitare-materials-objects-exhibition-takes-fiberwood-to-milan\\\/\"},\"wordCount\":314,\"image\":{\"@id\":\"https:\\\/\\\/fiberwood.com\\\/en\\\/habitare-materials-objects-exhibition-takes-fiberwood-to-milan\\\/#primaryimage\"},\"thumbnailUrl\":\"https:\\\/\\\/fiberwood.com\\\/app\\\/uploads\\\/2025\\\/03\\\/HabitareMaterialsAlcova2025_0328_photo__Paavo_Lehtonen.jpg\",\"keywords\":[\"acoustics\",\"design\",\"Habitare\"],\"articleSection\":[\"News\",\"Uutinen\"],\"inLanguage\":\"en\"},{\"@type\":\"WebPage\",\"@id\":\"https:\\\/\\\/fiberwood.com\\\/en\\\/habitare-materials-objects-exhibition-takes-fiberwood-to-milan\\\/\",\"url\":\"https:\\\/\\\/fiberwood.com\\\/en\\\/habitare-materials-objects-exhibition-takes-fiberwood-to-milan\\\/\",\"name\":\"Habitare Materials &amp; Objects Exhibition Takes Fiberwood to Milan - Fiberwood\",\"isPartOf\":{\"@id\":\"https:\\\/\\\/fiberwood.com\\\/#website\"},\"primaryImageOfPage\":{\"@id\":\"https:\\\/\\\/fiberwood.com\\\/en\\\/habitare-materials-objects-exhibition-takes-fiberwood-to-milan\\\/#primaryimage\"},\"image\":{\"@id\":\"https:\\\/\\\/fiberwood.com\\\/en\\\/habitare-materials-objects-exhibition-takes-fiberwood-to-milan\\\/#primaryimage\"},\"thumbnailUrl\":\"https:\\\/\\\/fiberwood.com\\\/app\\\/uploads\\\/2025\\\/03\\\/HabitareMaterialsAlcova2025_0328_photo__Paavo_Lehtonen.jpg\",\"datePublished\":\"2025-03-03T11:39:06+00:00\",\"dateModified\":\"2025-04-25T12:03:03+00:00\",\"author\":{\"@id\":\"https:\\\/\\\/fiberwood.com\\\/#\\\/schema\\\/person\\\/d3648c0d45bc92749c65087b203098a9\"},\"description\":\"The leading Nordic furniture, design, and interior event, Habitare, is bringing a group of Finnish design and material companies to Milan Design Week from April 7\u201313, 2025.\",\"breadcrumb\":{\"@id\":\"https:\\\/\\\/fiberwood.com\\\/en\\\/habitare-materials-objects-exhibition-takes-fiberwood-to-milan\\\/#breadcrumb\"},\"inLanguage\":\"en\",\"potentialAction\":[{\"@type\":\"ReadAction\",\"target\":[\"https:\\\/\\\/fiberwood.com\\\/en\\\/habitare-materials-objects-exhibition-takes-fiberwood-to-milan\\\/\"]}]},{\"@type\":\"ImageObject\",\"inLanguage\":\"en\",\"@id\":\"https:\\\/\\\/fiberwood.com\\\/en\\\/habitare-materials-objects-exhibition-takes-fiberwood-to-milan\\\/#primaryimage\",\"url\":\"https:\\\/\\\/fiberwood.com\\\/app\\\/uploads\\\/2025\\\/03\\\/HabitareMaterialsAlcova2025_0328_photo__Paavo_Lehtonen.jpg\",\"contentUrl\":\"https:\\\/\\\/fiberwood.com\\\/app\\\/uploads\\\/2025\\\/03\\\/HabitareMaterialsAlcova2025_0328_photo__Paavo_Lehtonen.jpg\",\"width\":2048,\"height\":1366},{\"@type\":\"BreadcrumbList\",\"@id\":\"https:\\\/\\\/fiberwood.com\\\/en\\\/habitare-materials-objects-exhibition-takes-fiberwood-to-milan\\\/#breadcrumb\",\"itemListElement\":[{\"@type\":\"ListItem\",\"position\":1,\"name\":\"Home\",\"item\":\"https:\\\/\\\/fiberwood.com\\\/en\\\/\"},{\"@type\":\"ListItem\",\"position\":2,\"name\":\"Habitare Materials &amp; Objects Exhibition Takes Fiberwood to Milan\"}]},{\"@type\":\"WebSite\",\"@id\":\"https:\\\/\\\/fiberwood.com\\\/#website\",\"url\":\"https:\\\/\\\/fiberwood.com\\\/\",\"name\":\"Fiberwood\",\"description\":\"\",\"potentialAction\":[{\"@type\":\"SearchAction\",\"target\":{\"@type\":\"EntryPoint\",\"urlTemplate\":\"https:\\\/\\\/fiberwood.com\\\/?s={search_term_string}\"},\"query-input\":{\"@type\":\"PropertyValueSpecification\",\"valueRequired\":true,\"valueName\":\"search_term_string\"}}],\"inLanguage\":\"en\"},{\"@type\":\"Person\",\"@id\":\"https:\\\/\\\/fiberwood.com\\\/#\\\/schema\\\/person\\\/d3648c0d45bc92749c65087b203098a9\",\"name\":\"Maarit Saari\",\"image\":{\"@type\":\"ImageObject\",\"inLanguage\":\"en\",\"@id\":\"https:\\\/\\\/fiberwood.com\\\/app\\\/litespeed\\\/avatar\\\/31c015fcae9d627ab9c0370d2095320c.jpg?ver=1777192195\",\"url\":\"https:\\\/\\\/fiberwood.com\\\/app\\\/litespeed\\\/avatar\\\/31c015fcae9d627ab9c0370d2095320c.jpg?ver=1777192195\",\"contentUrl\":\"https:\\\/\\\/fiberwood.com\\\/app\\\/litespeed\\\/avatar\\\/31c015fcae9d627ab9c0370d2095320c.jpg?ver=1777192195\",\"caption\":\"Maarit Saari\"},\"url\":\"https:\\\/\\\/fiberwood.com\\\/en\\\/author\\\/maarit-saari\\\/\"}]}<\/script>\n<!-- \/ Yoast SEO plugin. -->","yoast_head_json":{"title":"Habitare Materials &amp; Objects Exhibition Takes Fiberwood to Milan - Fiberwood","description":"The leading Nordic furniture, design, and interior event, Habitare, is bringing a group of Finnish design and material companies to Milan Design Week from April 7\u201313, 2025.","robots":{"index":"index","follow":"follow","max-snippet":"max-snippet:-1","max-image-preview":"max-image-preview:large","max-video-preview":"max-video-preview:-1"},"canonical":"https:\/\/fiberwood.com\/en\/habitare-materials-objects-exhibition-takes-fiberwood-to-milan\/","og_locale":"en_US","og_type":"article","og_title":"Habitare Materials &amp; Objects Exhibition Takes Fiberwood to Milan - Fiberwood","og_description":"The leading Nordic furniture, design, and interior event, Habitare, is bringing a group of Finnish design and material companies to Milan Design Week from April 7\u201313, 2025.","og_url":"https:\/\/fiberwood.com\/en\/habitare-materials-objects-exhibition-takes-fiberwood-to-milan\/","og_site_name":"Fiberwood","article_published_time":"2025-03-03T11:39:06+00:00","article_modified_time":"2025-04-25T12:03:03+00:00","og_image":[{"width":2048,"height":1366,"url":"https:\/\/fiberwood.com\/app\/uploads\/2025\/03\/HabitareMaterialsAlcova2025_0328_photo__Paavo_Lehtonen.jpg","type":"image\/jpeg"}],"author":"Maarit Saari","twitter_card":"summary_large_image","twitter_misc":{"Written by":"Maarit Saari","Est. reading time":"3 minutes"},"schema":{"@context":"https:\/\/schema.org","@graph":[{"@type":"Article","@id":"https:\/\/fiberwood.com\/en\/habitare-materials-objects-exhibition-takes-fiberwood-to-milan\/#article","isPartOf":{"@id":"https:\/\/fiberwood.com\/en\/habitare-materials-objects-exhibition-takes-fiberwood-to-milan\/"},"author":{"name":"Maarit Saari","@id":"https:\/\/fiberwood.com\/#\/schema\/person\/d3648c0d45bc92749c65087b203098a9"},"headline":"Habitare Materials &amp; Objects Exhibition Takes Fiberwood to Milan","datePublished":"2025-03-03T11:39:06+00:00","dateModified":"2025-04-25T12:03:03+00:00","mainEntityOfPage":{"@id":"https:\/\/fiberwood.com\/en\/habitare-materials-objects-exhibition-takes-fiberwood-to-milan\/"},"wordCount":314,"image":{"@id":"https:\/\/fiberwood.com\/en\/habitare-materials-objects-exhibition-takes-fiberwood-to-milan\/#primaryimage"},"thumbnailUrl":"https:\/\/fiberwood.com\/app\/uploads\/2025\/03\/HabitareMaterialsAlcova2025_0328_photo__Paavo_Lehtonen.jpg","keywords":["acoustics","design","Habitare"],"articleSection":["News","Uutinen"],"inLanguage":"en"},{"@type":"WebPage","@id":"https:\/\/fiberwood.com\/en\/habitare-materials-objects-exhibition-takes-fiberwood-to-milan\/","url":"https:\/\/fiberwood.com\/en\/habitare-materials-objects-exhibition-takes-fiberwood-to-milan\/","name":"Habitare Materials &amp; Objects Exhibition Takes Fiberwood to Milan - Fiberwood","isPartOf":{"@id":"https:\/\/fiberwood.com\/#website"},"primaryImageOfPage":{"@id":"https:\/\/fiberwood.com\/en\/habitare-materials-objects-exhibition-takes-fiberwood-to-milan\/#primaryimage"},"image":{"@id":"https:\/\/fiberwood.com\/en\/habitare-materials-objects-exhibition-takes-fiberwood-to-milan\/#primaryimage"},"thumbnailUrl":"https:\/\/fiberwood.com\/app\/uploads\/2025\/03\/HabitareMaterialsAlcova2025_0328_photo__Paavo_Lehtonen.jpg","datePublished":"2025-03-03T11:39:06+00:00","dateModified":"2025-04-25T12:03:03+00:00","author":{"@id":"https:\/\/fiberwood.com\/#\/schema\/person\/d3648c0d45bc92749c65087b203098a9"},"description":"The leading Nordic furniture, design, and interior event, Habitare, is bringing a group of Finnish design and material companies to Milan Design Week from April 7\u201313, 2025.","breadcrumb":{"@id":"https:\/\/fiberwood.com\/en\/habitare-materials-objects-exhibition-takes-fiberwood-to-milan\/#breadcrumb"},"inLanguage":"en","potentialAction":[{"@type":"ReadAction","target":["https:\/\/fiberwood.com\/en\/habitare-materials-objects-exhibition-takes-fiberwood-to-milan\/"]}]},{"@type":"ImageObject","inLanguage":"en","@id":"https:\/\/fiberwood.com\/en\/habitare-materials-objects-exhibition-takes-fiberwood-to-milan\/#primaryimage","url":"https:\/\/fiberwood.com\/app\/uploads\/2025\/03\/HabitareMaterialsAlcova2025_0328_photo__Paavo_Lehtonen.jpg","contentUrl":"https:\/\/fiberwood.com\/app\/uploads\/2025\/03\/HabitareMaterialsAlcova2025_0328_photo__Paavo_Lehtonen.jpg","width":2048,"height":1366},{"@type":"BreadcrumbList","@id":"https:\/\/fiberwood.com\/en\/habitare-materials-objects-exhibition-takes-fiberwood-to-milan\/#breadcrumb","itemListElement":[{"@type":"ListItem","position":1,"name":"Home","item":"https:\/\/fiberwood.com\/en\/"},{"@type":"ListItem","position":2,"name":"Habitare Materials &amp; Objects Exhibition Takes Fiberwood to Milan"}]},{"@type":"WebSite","@id":"https:\/\/fiberwood.com\/#website","url":"https:\/\/fiberwood.com\/","name":"Fiberwood","description":"","potentialAction":[{"@type":"SearchAction","target":{"@type":"EntryPoint","urlTemplate":"https:\/\/fiberwood.com\/?s={search_term_string}"},"query-input":{"@type":"PropertyValueSpecification","valueRequired":true,"valueName":"search_term_string"}}],"inLanguage":"en"},{"@type":"Person","@id":"https:\/\/fiberwood.com\/#\/schema\/person\/d3648c0d45bc92749c65087b203098a9","name":"Maarit Saari","image":{"@type":"ImageObject","inLanguage":"en","@id":"https:\/\/fiberwood.com\/app\/litespeed\/avatar\/31c015fcae9d627ab9c0370d2095320c.jpg?ver=1777192195","url":"https:\/\/fiberwood.com\/app\/litespeed\/avatar\/31c015fcae9d627ab9c0370d2095320c.jpg?ver=1777192195","contentUrl":"https:\/\/fiberwood.com\/app\/litespeed\/avatar\/31c015fcae9d627ab9c0370d2095320c.jpg?ver=1777192195","caption":"Maarit Saari"},"url":"https:\/\/fiberwood.com\/en\/author\/maarit-saari\/"}]}},"_links":{"self":[{"href":"https:\/\/fiberwood.com\/en\/wp-json\/wp\/v2\/posts\/3540","targetHints":{"allow":["GET"]}}],"collection":[{"href":"https:\/\/fiberwood.com\/en\/wp-json\/wp\/v2\/posts"}],"about":[{"href":"https:\/\/fiberwood.com\/en\/wp-json\/wp\/v2\/types\/post"}],"author":[{"embeddable":true,"href":"https:\/\/fiberwood.com\/en\/wp-json\/wp\/v2\/users\/4"}],"replies":[{"embeddable":true,"href":"https:\/\/fiberwood.com\/en\/wp-json\/wp\/v2\/comments?post=3540"}],"version-history":[{"count":6,"href":"https:\/\/fiberwood.com\/en\/wp-json\/wp\/v2\/posts\/3540\/revisions"}],"predecessor-version":[{"id":3651,"href":"https:\/\/fiberwood.com\/en\/wp-json\/wp\/v2\/posts\/3540\/revisions\/3651"}],"wp:featuredmedia":[{"embeddable":true,"href":"https:\/\/fiberwood.com\/en\/wp-json\/wp\/v2\/media\/3635"}],"wp:attachment":[{"href":"https:\/\/fiberwood.com\/en\/wp-json\/wp\/v2\/media?parent=3540"}],"wp:term":[{"taxonomy":"category","embeddable":true,"href":"https:\/\/fiberwood.com\/en\/wp-json\/wp\/v2\/categories?post=3540"},{"taxonomy":"post_tag","embeddable":true,"href":"https:\/\/fiberwood.com\/en\/wp-json\/wp\/v2\/tags?post=3540"}],"curies":[{"name":"wp","href":"https:\/\/api.w.org\/{rel}","templated":true}]}}